{"id":251,"date":"2023-11-16T12:39:40","date_gmt":"2023-11-16T15:39:40","guid":{"rendered":"https:\/\/webapp393818.ip-23-239-30-172.cloudezapp.io\/?p=251"},"modified":"2023-11-16T12:39:40","modified_gmt":"2023-11-16T15:39:40","slug":"como-funciona-o-orcamento-de-moveis-planejados","status":"publish","type":"post","link":"https:\/\/samirmoveis.com.br\/?p=251","title":{"rendered":"Como Funciona o Or\u00e7amento de M\u00f3veis Planejados"},"content":{"rendered":"<div class=\"flex-1 overflow-hidden\">\n<div class=\"react-scroll-to-bottom--css-ujbvi-79elbk h-full\">\n<div class=\"react-scroll-to-bottom--css-ujbvi-1n7m0yu\">\n<div class=\"flex flex-col text-sm gizmo:pb-9 dark:bg-gray-800 gizmo:dark:bg-transparent\">\n<div class=\"w-full text-token-text-primary border-b border-black\/10 gizmo:border-0 dark:border-gray-900\/50 gizmo:dark:border-0 bg-gray-50 gizmo:bg-transparent dark:bg-[#444654] gizmo:dark:bg-transparent\" data-testid=\"conversation-turn-3\">\n<div class=\"p-4 gizmo:py-2 justify-center text-base md:gap-6 md:py-6 m-auto\">\n<div class=\"flex flex-1 gap-4 text-base mx-auto md:gap-6 gizmo:gap-3 gizmo:md:px-5 gizmo:lg:px-1 gizmo:xl:px-5 md:max-w-2xl lg:max-w-[38rem] gizmo:md:max-w-3xl gizmo:lg:max-w-[40rem] gizmo:xl:max-w-[48rem] xl:max-w-3xl } group final-completion\">\n<div class=\"relative flex w-[calc(100%-50px)] flex-col gizmo:w-full lg:w-[calc(100%-115px)] agent-turn\">\n<div class=\"flex-col gap-1 md:gap-3\">\n<div class=\"flex flex-grow flex-col max-w-full gap-3 gizmo:gap-0\">\n<div class=\"min-h-[20px] text-message peer flex flex-col items-start gap-3 whitespace-pre-wrap break-words peer-[.text-message]:mt-5 overflow-x-auto\" data-message-author-role=\"assistant\" data-message-id=\"3ece6104-a384-42af-ac55-947cba9f84f6\">\n<div class=\"markdown prose w-full break-words dark:prose-invert light\">\n<h1><strong>Como Funciona o Or\u00e7amento de M\u00f3veis Planejados: Transformando Seus Sonhos em Realidade<\/strong><\/h1>\n<p><span>Ao decidir investir em m\u00f3veis planejados, muitos clientes se deparam com a curiosidade sobre como \u00e9 calcular o or\u00e7amento para transformar suas ideias em pe\u00e7as \u00fanicas e personalizadas. Neste artigo, vamos explorar o processo de or\u00e7amento para m\u00f3veis planejados, proporcionando uma compreens\u00e3o abrangente de como voc\u00ea pode planejar e visualizar a realiza\u00e7\u00e3o de seus desejos de design de interiores.<\/span><\/p>\n<h2><span>1. Consulta Inicial<\/span><\/h2>\n<p><span>O primeiro passo \u00e9 agendar uma consulta inicial com um designer de m\u00f3veis planejados. Durante esta fase, voc\u00ea ter\u00e1 a oportunidade de discutir suas ideias, necessidades e prefer\u00eancias. \u00c9 essencial compartilhar informa\u00e7\u00f5es compartilhadas sobre o espa\u00e7o, incluindo dimens\u00f5es, layout e qualquer elemento inovador que influencie o design dos m\u00f3veis.<\/span><\/p>\n<h2><span>2. Design Personalizado<\/span><\/h2>\n<p><span>Com base nas informa\u00e7\u00f5es coletadas na consulta, o designer entrega a criar um projeto personalizado para seus m\u00f3veis. Este processo envolve a escolha de materiais, acabamentos, n\u00facleos e outros detalhes espec\u00edficos. O design personalizado \u00e9 fundamental para garantir que os m\u00f3veis atendam n\u00e3o apenas ao seu gosto est\u00e9tico, mas tamb\u00e9m \u00e0s funcionalidades desejadas para o espa\u00e7o.<\/span><\/p>\n<h2><span>3. Medi\u00e7\u00e3o e Avalia\u00e7\u00e3o T\u00e9cnica<\/span><\/h2>\n<p><span>Uma etapa crucial no processo de or\u00e7amento \u00e9 a medi\u00e7\u00e3o precisa do espa\u00e7o onde os m\u00f3veis ser\u00e3o instalados. Isso garante que cada pe\u00e7a seja perfeitamente adaptada ao ambiente, maximizando o uso do espa\u00e7o dispon\u00edvel. Al\u00e9m disso, nessa fase, avalia\u00e7\u00f5es t\u00e9cnicas s\u00e3o realizadas para garantir a previs\u00e3o e a seguran\u00e7a do projeto.<\/span><\/p>\n<h2><span>4. C\u00e1lculo de Custos<\/span><\/h2>\n<p><span>Com o projeto finalizado e as precis\u00e3o feitas, o pr\u00f3ximo passo \u00e9 o c\u00e1lculo dos custos. Os elementos que influenciam o or\u00e7amento incluem o tipo de material escolhido, a complexidade do design, o tamanho total do projeto, entre outros. \u00c9 importante discutir claramente o or\u00e7amento dispon\u00edvel para que o designer possa ajustar o projeto de acordo com suas necessidades financeiras.<\/span><\/p>\n<h2><span>5. Apresenta\u00e7\u00e3o do Or\u00e7amento<\/span><\/h2>\n<p><span>O designer apresentar\u00e1 o or\u00e7amento detalhado, destacando os custos associados a cada componente do projeto. Isso proporciona transpar\u00eancia e permite que voc\u00ea fa\u00e7a ajustes, se necess\u00e1rio. \u00c9 fundamental lembrar que investir em m\u00f3veis planejados \u00e9 um processo de longo prazo, e a qualidade do trabalho justifica o investimento.<\/span><\/p>\n<h2><span>Conclus\u00e3o<\/span><\/h2>\n<p><span>Entender como funciona o or\u00e7amento de m\u00f3veis planejados \u00e9 essencial para tomar decis\u00f5es informadas e alcan\u00e7ar o resultado desejado. Ao trabalhar em colabora\u00e7\u00e3o com um designer especializado, voc\u00ea n\u00e3o apenas personaliza seu espa\u00e7o de forma \u00fanica, mas tamb\u00e9m garante que cada pe\u00e7a atenda \u00e0s suas expectativas e requisitos espec\u00edficos.<\/span><\/p>\n<p><span>Na pr\u00f3xima postagem, abordaremos dicas de pr\u00e1ticas para melhorar o or\u00e7amento e garantir que o processo de cria\u00e7\u00e3o de m\u00f3veis planejados seja uma experi\u00eancia renovada. Fique ligado!<\/span><\/p>\n<p><span>Esperamos que este artigo tenha fornecido uma vis\u00e3o clara do processo de or\u00e7amento de m\u00f3veis planejados. Se voc\u00ea tiver alguma d\u00favida ou quiser compartilhar suas experi\u00eancias, deixe seu coment\u00e1rio abaixo. Estamos aqui para ajudar a tornar seus sonhos em uma realidade!<\/span><\/p>\n<\/div>\n<\/div>\n<\/div>\n<div class=\"flex justify-between empty:hidden gizmo:mt-1 gizmo:justify-start gizmo:gap-3 lg:block gizmo:lg:flex\">\n<div class=\"text-gray-400 flex self-end lg:self-center justify-center gizmo:lg:justify-start mt-2 gizmo:mt-0 visible gap-1\"><button class=\"flex ml-auto gizmo:ml-0 gap-2 items-center rounded-md p-1 text-xs gizmo:gap-1.5 gizmo:pl-0 dark:text-gray-400 dark:hover:text-gray-200 disabled:dark:hover:text-gray-400 hover:text-gray-950 md:invisible md:group-hover:visible md:group-[.final-completion]:visible\"><img decoding=\"async\" class=\"alignnone size-full wp-image-252\" src=\"https:\/\/webapp393818.ip-23-239-30-172.cloudezapp.io\/wp-content\/uploads\/2023\/11\/planta.jpg\" alt=\"\" width=\"1000\" height=\"1000\" srcset=\"https:\/\/samirmoveis.com.br\/wp-content\/uploads\/2023\/11\/planta.jpg 1000w, https:\/\/samirmoveis.com.br\/wp-content\/uploads\/2023\/11\/planta-150x150.jpg 150w, https:\/\/samirmoveis.com.br\/wp-content\/uploads\/2023\/11\/planta-768x768.jpg 768w\" sizes=\"(max-width: 1000px) 100vw, 1000px\" \/> <img decoding=\"async\" class=\"alignnone size-full wp-image-253\" src=\"https:\/\/webapp393818.ip-23-239-30-172.cloudezapp.io\/wp-content\/uploads\/2023\/11\/projetos-escolhamateriais.jpg\" alt=\"\" width=\"1000\" height=\"1000\" srcset=\"https:\/\/samirmoveis.com.br\/wp-content\/uploads\/2023\/11\/projetos-escolhamateriais.jpg 1000w, https:\/\/samirmoveis.com.br\/wp-content\/uploads\/2023\/11\/projetos-escolhamateriais-150x150.jpg 150w, https:\/\/samirmoveis.com.br\/wp-content\/uploads\/2023\/11\/projetos-escolhamateriais-768x768.jpg 768w\" sizes=\"(max-width: 1000px) 100vw, 1000px\" \/><\/button><\/p>\n<div class=\"flex gap-1\"><\/div>\n<div class=\"flex items-center gap-1.5 text-xs\"><\/div>\n<\/div>\n<\/div>\n<\/div>\n<\/div>\n<\/div>\n<\/div>\n<\/div>\n<\/div>\n<\/div>\n<\/div>\n<\/div>\n<div class=\"w-full pt-2 md:pt-0 border-t md:border-t-0 gizmo:border-t-0 dark:border-white\/20 md:border-transparent md:dark:border-transparent md:pl-2 gizmo:pl-0 gizmo:md:pl-0 md:w-[calc(100%-.5rem)]\">\n<form class=\"stretch mx-2 flex flex-row gap-3 last:mb-2 md:mx-4 md:last:mb-6 lg:mx-auto lg:max-w-2xl xl:max-w-3xl\">\n<div class=\"relative flex h-full flex-1 items-stretch md:flex-col\">\n<div class=\"flex w-full items-center\">\n<div id=\"SLASH_COMMANDS_MENU_ROOT_ID\">\n<div><\/div>\n<\/div>\n<\/div>\n<\/div>\n<\/form>\n<\/div>\n","protected":false},"excerpt":{"rendered":"<p>Como Funciona o Or\u00e7amento de M\u00f3veis Planejados: Transformando Seus Sonhos em Realidade Ao decidir investir em m\u00f3veis planejados, muitos clientes se deparam com a curiosidade sobre como \u00e9 calcular o or\u00e7amento para transformar suas ideias em pe\u00e7as \u00fanicas e personalizadas. Neste artigo, vamos explorar o processo de or\u00e7amento para m\u00f3veis planejados, proporcionando uma compreens\u00e3o abrangente [&hellip;]<\/p>\n","protected":false},"author":2,"featured_media":0,"comment_status":"open","ping_status":"closed","sticky":false,"template":"","format":"standard","meta":{"_joinchat":[],"footnotes":""},"categories":[1],"tags":[],"class_list":["post-251","post","type-post","status-publish","format-standard","hentry","category-uncategorized"],"_links":{"self":[{"href":"https:\/\/samirmoveis.com.br\/index.php?rest_route=\/wp\/v2\/posts\/251","targetHints":{"allow":["GET"]}}],"collection":[{"href":"https:\/\/samirmoveis.com.br\/index.php?rest_route=\/wp\/v2\/posts"}],"about":[{"href":"https:\/\/samirmoveis.com.br\/index.php?rest_route=\/wp\/v2\/types\/post"}],"author":[{"embeddable":true,"href":"https:\/\/samirmoveis.com.br\/index.php?rest_route=\/wp\/v2\/users\/2"}],"replies":[{"embeddable":true,"href":"https:\/\/samirmoveis.com.br\/index.php?rest_route=%2Fwp%2Fv2%2Fcomments&post=251"}],"version-history":[{"count":1,"href":"https:\/\/samirmoveis.com.br\/index.php?rest_route=\/wp\/v2\/posts\/251\/revisions"}],"predecessor-version":[{"id":254,"href":"https:\/\/samirmoveis.com.br\/index.php?rest_route=\/wp\/v2\/posts\/251\/revisions\/254"}],"wp:attachment":[{"href":"https:\/\/samirmoveis.com.br\/index.php?rest_route=%2Fwp%2Fv2%2Fmedia&parent=251"}],"wp:term":[{"taxonomy":"category","embeddable":true,"href":"https:\/\/samirmoveis.com.br\/index.php?rest_route=%2Fwp%2Fv2%2Fcategories&post=251"},{"taxonomy":"post_tag","embeddable":true,"href":"https:\/\/samirmoveis.com.br\/index.php?rest_route=%2Fwp%2Fv2%2Ftags&post=251"}],"curies":[{"name":"wp","href":"https:\/\/api.w.org\/{rel}","templated":true}]}}