{"id":234,"date":"2023-08-04T17:35:11","date_gmt":"2023-08-04T20:35:11","guid":{"rendered":"https:\/\/webapp393818.ip-23-239-30-172.cloudezapp.io\/?p=234"},"modified":"2023-08-04T17:35:25","modified_gmt":"2023-08-04T20:35:25","slug":"tendencias-e-novidades-em-moveis-planejados-para-2023","status":"publish","type":"post","link":"https:\/\/samirmoveis.com.br\/?p=234","title":{"rendered":"Tend\u00eancias e Novidades em M\u00f3veis Planejados para 2023"},"content":{"rendered":"<div class=\"group w-full text-token-text-primary border-b border-black\/10 dark:border-gray-900\/50 bg-gray-50 dark:bg-[#444654]\">\n<div class=\"flex p-4 gap-4 text-base md:gap-6 md:max-w-2xl lg:max-w-[38rem] xl:max-w-3xl md:py-6 lg:px-0 m-auto\">\n<div class=\"relative flex w-[calc(100%-50px)] flex-col gap-1 md:gap-3 lg:w-[calc(100%-115px)]\">\n<div class=\"flex flex-grow flex-col gap-3\">\n<div class=\"min-h-[20px] flex flex-col items-start gap-3 overflow-x-auto whitespace-pre-wrap break-words\">\n<div class=\"markdown prose w-full break-words dark:prose-invert light\">\n<p><strong>Tend\u00eancias e Novidades em M\u00f3veis Planejados para 2023<\/strong><\/p>\n<p>Como o mercado de m\u00f3veis planejados continua a evoluir, novas tend\u00eancias e inova\u00e7\u00f5es est\u00e3o moldando a forma como projetamos nossos espa\u00e7os de conviv\u00eancia e trabalho.<\/p>\n<p>Se voc\u00ea est\u00e1 em busca de inspira\u00e7\u00e3o para transformar sua casa ou ambiente corporativo, confira as tend\u00eancias mais empolgantes em m\u00f3veis planejados para 2023:<\/p>\n<p><strong>1. Sustentabilidade em foco:<\/strong> A preocupa\u00e7\u00e3o com o meio ambiente e o desejo por materiais ecologicamente corretos est\u00e3o influenciando cada vez mais o design de m\u00f3veis planejados.<\/p>\n<p>consumidores est\u00e3o buscando pe\u00e7as produzidas com madeira de reflorestamento, tintas e acabamentos ecol\u00f3gicos, al\u00e9m de solu\u00e7\u00f5es que reduz<img decoding=\"async\" class=\"alignnone size-full wp-image-236\" src=\"https:\/\/webapp393818.ip-23-239-30-172.cloudezapp.io\/wp-content\/uploads\/2023\/08\/apto-estudio.jpg\" alt=\"\" width=\"1000\" height=\"1000\" srcset=\"https:\/\/samirmoveis.com.br\/wp-content\/uploads\/2023\/08\/apto-estudio.jpg 1000w, https:\/\/samirmoveis.com.br\/wp-content\/uploads\/2023\/08\/apto-estudio-150x150.jpg 150w, https:\/\/samirmoveis.com.br\/wp-content\/uploads\/2023\/08\/apto-estudio-768x768.jpg 768w\" sizes=\"(max-width: 1000px) 100vw, 1000px\" \/> <img decoding=\"async\" class=\"alignnone size-full wp-image-237\" src=\"https:\/\/webapp393818.ip-23-239-30-172.cloudezapp.io\/wp-content\/uploads\/2023\/08\/cozinhas-planejadas-plantas.jpg\" alt=\"\" width=\"1000\" height=\"1000\" srcset=\"https:\/\/samirmoveis.com.br\/wp-content\/uploads\/2023\/08\/cozinhas-planejadas-plantas.jpg 1000w, https:\/\/samirmoveis.com.br\/wp-content\/uploads\/2023\/08\/cozinhas-planejadas-plantas-150x150.jpg 150w, https:\/\/samirmoveis.com.br\/wp-content\/uploads\/2023\/08\/cozinhas-planejadas-plantas-768x768.jpg 768w\" sizes=\"(max-width: 1000px) 100vw, 1000px\" \/> <img decoding=\"async\" class=\"alignnone size-full wp-image-238\" src=\"https:\/\/webapp393818.ip-23-239-30-172.cloudezapp.io\/wp-content\/uploads\/2023\/08\/decoracao-plantas.jpg\" alt=\"\" width=\"1000\" height=\"1000\" srcset=\"https:\/\/samirmoveis.com.br\/wp-content\/uploads\/2023\/08\/decoracao-plantas.jpg 1000w, https:\/\/samirmoveis.com.br\/wp-content\/uploads\/2023\/08\/decoracao-plantas-150x150.jpg 150w, https:\/\/samirmoveis.com.br\/wp-content\/uploads\/2023\/08\/decoracao-plantas-768x768.jpg 768w\" sizes=\"(max-width: 1000px) 100vw, 1000px\" \/> <img decoding=\"async\" class=\"alignnone size-full wp-image-240\" src=\"https:\/\/webapp393818.ip-23-239-30-172.cloudezapp.io\/wp-content\/uploads\/2023\/08\/estante.jpg\" alt=\"\" width=\"800\" height=\"800\" srcset=\"https:\/\/samirmoveis.com.br\/wp-content\/uploads\/2023\/08\/estante.jpg 800w, https:\/\/samirmoveis.com.br\/wp-content\/uploads\/2023\/08\/estante-150x150.jpg 150w, https:\/\/samirmoveis.com.br\/wp-content\/uploads\/2023\/08\/estante-768x768.jpg 768w\" sizes=\"(max-width: 800px) 100vw, 800px\" \/> <img decoding=\"async\" class=\"alignnone size-full wp-image-241\" src=\"https:\/\/webapp393818.ip-23-239-30-172.cloudezapp.io\/wp-content\/uploads\/2023\/08\/moveis-planejados.jpg\" alt=\"\" width=\"1125\" height=\"750\" srcset=\"https:\/\/samirmoveis.com.br\/wp-content\/uploads\/2023\/08\/moveis-planejados.jpg 1125w, https:\/\/samirmoveis.com.br\/wp-content\/uploads\/2023\/08\/moveis-planejados-1000x667.jpg 1000w, https:\/\/samirmoveis.com.br\/wp-content\/uploads\/2023\/08\/moveis-planejados-768x512.jpg 768w\" sizes=\"(max-width: 1125px) 100vw, 1125px\" \/> <img decoding=\"async\" class=\"alignnone size-full wp-image-242\" src=\"https:\/\/webapp393818.ip-23-239-30-172.cloudezapp.io\/wp-content\/uploads\/2023\/08\/quarto-compacto.jpg\" alt=\"\" width=\"1000\" height=\"1000\" srcset=\"https:\/\/samirmoveis.com.br\/wp-content\/uploads\/2023\/08\/quarto-compacto.jpg 1000w, https:\/\/samirmoveis.com.br\/wp-content\/uploads\/2023\/08\/quarto-compacto-150x150.jpg 150w, https:\/\/samirmoveis.com.br\/wp-content\/uploads\/2023\/08\/quarto-compacto-768x768.jpg 768w\" sizes=\"(max-width: 1000px) 100vw, 1000px\" \/>am o desperd\u00edcio e promovem a reciclagem.<\/p>\n<p><strong>2. Minimalismo funcional:<\/strong> Com o objetivo de otimizar espa\u00e7os e simplificar ambientes, o minimalismo funcional continua sendo uma tend\u00eancia forte. M\u00f3veis planejados com linhas retas, cores neutras e designs inteligentes, que oferecem solu\u00e7\u00f5es de armazenamento e organiza\u00e7\u00e3o eficientes, s\u00e3o altamente procurados para proporcionar ambientes clean e contempor\u00e2neos.<\/p>\n<p><strong>3. M\u00f3veis multifuncionais:<\/strong> Em ambientes cada vez menores, a busca por m\u00f3veis multifuncionais ganha destaque. Camas com gavetas embutidas, mesas retr\u00e1teis, estantes com nichos vers\u00e1teis e sof\u00e1s-cama s\u00e3o algumas das op\u00e7\u00f5es inteligentes que permitem maximizar o uso do espa\u00e7o dispon\u00edvel, tornando-os ideais para apartamentos e casas compactas.<\/p>\n<p><strong>4. Cores ousadas e contrastes:<\/strong> Enquanto as cores neutras continuam populares, vemos uma crescente demanda por m\u00f3veis planejados em cores ousadas e contrastantes. Tons como verde-esmeralda, azul-marinho, mostarda e at\u00e9 mesmo tons past\u00e9is est\u00e3o em alta, adicionando personalidade e vivacidade aos ambientes.<\/p>\n<p><strong>5. Toque de natureza:<\/strong> A conex\u00e3o com a natureza \u00e9 uma tend\u00eancia que permanece forte. O uso de materiais naturais, como madeira maci\u00e7a, pedra e fibras naturais, traz um toque org\u00e2nico aos m\u00f3veis planejados. Al\u00e9m disso, a inclus\u00e3o de plantas e elementos naturais na decora\u00e7\u00e3o \u00e9 uma maneira de criar ambientes acolhedores e rejuvenescedores.<\/p>\n<p><strong>6. Tecnologia integrada:<\/strong> A revolu\u00e7\u00e3o digital tamb\u00e9m chega aos m\u00f3veis planejados. Projetos que incorporam solu\u00e7\u00f5es tecnol\u00f3gicas, como ilumina\u00e7\u00e3o inteligente, tomadas USB embutidas, m\u00f3veis com carregamento sem fio e at\u00e9 mesmo mesas com superf\u00edcies sens\u00edveis ao toque, t\u00eam atra\u00eddo a aten\u00e7\u00e3o dos consumidores modernos.<\/p>\n<p><strong>7. Estilo vintage e retr\u00f4:<\/strong> A nostalgia do passado continua a inspirar o design de m\u00f3veis planejados. Estilos retr\u00f4, como os anos 50, 60 e 70, est\u00e3o fazendo um retorno triunfal. M\u00f3veis com acabamentos em madeira natural, p\u00e9s palitos e formas arredondadas s\u00e3o caracter\u00edsticas que remetem a essas \u00e9pocas e acrescentam um charme \u00fanico aos espa\u00e7os.<\/p>\n<p><strong>8. Projetos personalizados:<\/strong> A busca por personaliza\u00e7\u00e3o \u00e9 uma constante entre os consumidores de m\u00f3veis planejados. Cada vez mais, as pessoas desejam pe\u00e7as \u00fanicas que reflitam sua individualidade. Por isso, empresas que oferecem projetos personalizados e sob medida t\u00eam se destacado no mercado.<\/p>\n<p>Em resumo, as tend\u00eancias em m\u00f3veis planejados para 2023 trazem uma combina\u00e7\u00e3o de elementos esportivos, funcionais, esteticamente atraentes e com toques de tecnologia. A busca por ambientes acolhedores, pr\u00e1ticos e confort\u00e1veis \u200b\u200bcom a personalidade dos clientes \u00e9 o que impulsiona o setor a criar solu\u00e7\u00f5es cada vez mais inovadoras e surpreendentes.<\/p>\n<p>Seja voc\u00ea um entusiasta do minimalismo, um amante do retr\u00f4 ou um defensor da sustentabilidade, as op\u00e7\u00f5es em m\u00f3veis planejados para 2023 certamente oferecer\u00e3o algo que se encaixa ao seu estilo e \u00e0s suas necessidades. Est\u00e1 na hora de transformar seu espa\u00e7o e criar ambientes inspiradores com o que h\u00e1 de mais atual na ind\u00fastria de m\u00f3veis planejados.<\/p>\n<\/div>\n<\/div>\n<\/div>\n<div class=\"flex justify-between lg:block\">\n<div class=\"text-gray-400 flex self-end lg:self-center justify-center mt-2 gap-2 md:gap-3 lg:gap-1 lg:absolute lg:top-0 lg:translate-x-full lg:right-0 lg:mt-0 lg:pl-2 visible\">\n<p>&nbsp;<\/p>\n<div class=\"flex gap-1\"><\/div>\n<\/div>\n<\/div>\n<\/div>\n<\/div>\n<\/div>\n","protected":false},"excerpt":{"rendered":"<p>Tend\u00eancias e Novidades em M\u00f3veis Planejados para 2023 Como o mercado de m\u00f3veis planejados continua a evoluir, novas tend\u00eancias e inova\u00e7\u00f5es est\u00e3o moldando a forma como projetamos nossos espa\u00e7os de conviv\u00eancia e trabalho. Se voc\u00ea est\u00e1 em busca de inspira\u00e7\u00e3o para transformar sua casa ou ambiente corporativo, confira as tend\u00eancias mais empolgantes em m\u00f3veis planejados [&hellip;]<\/p>\n","protected":false},"author":2,"featured_media":0,"comment_status":"open","ping_status":"closed","sticky":false,"template":"","format":"standard","meta":{"_joinchat":[],"footnotes":""},"categories":[1],"tags":[26,25,27],"class_list":["post-234","post","type-post","status-publish","format-standard","hentry","category-uncategorized","tag-tendencias2023","tag-tendencias23","tag-tendenciasemmoveisplanejados"],"_links":{"self":[{"href":"https:\/\/samirmoveis.com.br\/index.php?rest_route=\/wp\/v2\/posts\/234","targetHints":{"allow":["GET"]}}],"collection":[{"href":"https:\/\/samirmoveis.com.br\/index.php?rest_route=\/wp\/v2\/posts"}],"about":[{"href":"https:\/\/samirmoveis.com.br\/index.php?rest_route=\/wp\/v2\/types\/post"}],"author":[{"embeddable":true,"href":"https:\/\/samirmoveis.com.br\/index.php?rest_route=\/wp\/v2\/users\/2"}],"replies":[{"embeddable":true,"href":"https:\/\/samirmoveis.com.br\/index.php?rest_route=%2Fwp%2Fv2%2Fcomments&post=234"}],"version-history":[{"count":2,"href":"https:\/\/samirmoveis.com.br\/index.php?rest_route=\/wp\/v2\/posts\/234\/revisions"}],"predecessor-version":[{"id":244,"href":"https:\/\/samirmoveis.com.br\/index.php?rest_route=\/wp\/v2\/posts\/234\/revisions\/244"}],"wp:attachment":[{"href":"https:\/\/samirmoveis.com.br\/index.php?rest_route=%2Fwp%2Fv2%2Fmedia&parent=234"}],"wp:term":[{"taxonomy":"category","embeddable":true,"href":"https:\/\/samirmoveis.com.br\/index.php?rest_route=%2Fwp%2Fv2%2Fcategories&post=234"},{"taxonomy":"post_tag","embeddable":true,"href":"https:\/\/samirmoveis.com.br\/index.php?rest_route=%2Fwp%2Fv2%2Ftags&post=234"}],"curies":[{"name":"wp","href":"https:\/\/api.w.org\/{rel}","templated":true}]}}